{"id":37617,"date":"2026-01-26T09:09:55","date_gmt":"2026-01-26T08:09:55","guid":{"rendered":"https:\/\/sdhjevicko.cz\/?p=37617"},"modified":"2026-01-26T09:09:55","modified_gmt":"2026-01-26T08:09:55","slug":"seminar-prevence-osh-svitavy","status":"publish","type":"post","link":"https:\/\/sdhjevicko.cz\/?p=37617","title":{"rendered":"Semin\u00e1\u0159 prevence OSH Svitavy"},"content":{"rendered":"\n<p>Dobr\u00fd den,<\/p>\n\n\n\n<p>zveme \u010dleny SDH Jev\u00ed\u010dko, OSH Svitavy na semin\u00e1\u0159 prevence OSH Svitavy.<\/p>\n\n\n\n<p><strong>Kdy: sobota 14. 03. 2026<\/strong><\/p>\n\n\n\n<p><strong>Kde: U\u010debna SDH Jev\u00ed\u010dko, Svitavsk\u00e1 466, 569 43 Jev\u00ed\u010dko<\/strong><\/p>\n\n\n\n<p><strong>Za\u010d\u00e1tek: 8.00 hodin<\/strong><\/p>\n\n\n\n<p><strong>Program:<\/strong><\/p>\n\n\n\n<p>&#8211;\u00a0\u00a0\u00a0Stavebn\u00ed \u0159\u00edzen\u00ed z\u00a0pohledu SPD \u2013 mjr. Ing. Jan Novotn\u00fd<\/p>\n\n\n\n<p>&#8211;\u00a0\u00a0\u00a0Zaj\u00edmav\u00e9 po\u017e\u00e1ry na \u00daO Svitavy \u2013 por. Ing. Lenka Hauk, DiS.<\/p>\n\n\n\n<p>&#8211;\u00a0\u00a0\u00a0Po\u017e\u00e1r pr\u016fmyslov\u00e9ho are\u00e1lu Vysok\u00e9 M\u00fdto \u2013 plk. Ing. Ivo Oprchalsk\u00fd<\/p>\n\n\n\n<p>&#8211;\u00a0 \u00a0\u00a0Chov\u00e1n\u00ed p\u0159i mimo\u0159\u00e1dn\u00e9 ud\u00e1losti k\u00a0handicapovan\u00fdm &#8211; Michal Rada<\/p>\n\n\n\n<p>&#8211;\u00a0\u00a0Novinky v\u00a0legislativ\u011b kom\u00ednov\u00fdch t\u011bles, pyrotechniky, atd. \u2013 nprap. Jan Bidmon, Dis.<\/p>\n\n\n\n<p>\u010casov\u00fd p\u0159edpoklad ukon\u010den\u00ed ve 12,30 hodin.<\/p>\n\n\n\n<p>P\u0159ipom\u00edn\u00e1me mo\u017enost slo\u017eit zkou\u0161ky na odbornost \u201ePreventista SH \u010cMS III. a II. stupn\u011b\u201c po ukon\u010den\u00ed do\u0161kolen\u00ed.<\/p>\n\n\n\n<p>Rada prevence upozor\u0148uje, nositel\u00e9 odbornosti \u201ePreventista SH \u010cMS III. a II. stupn\u011b\u201c, \u017ee by se m\u011bli pro \u00fa\u010dely udr\u017een\u00ed odborn\u00fdch znalost\u00ed, respektive z\u00edsk\u00e1n\u00ed nov\u00fdch informac\u00ed z\u00fa\u010dast\u0148ovat takto organizovan\u00fdch semin\u00e1\u0159\u016f ka\u017edoro\u010dn\u011b.<\/p>\n\n\n\n<p><strong>P\u0159ihl\u00e1\u0161ky pros\u00edm zas\u00edlejte do&nbsp;<\/strong><strong><u>10. 03. 2025<\/u><\/strong><strong>&nbsp;<\/strong><strong>elektronicky na e-mail:&nbsp;<a href=\"mailto:starosta@sdhjevicko.cz\" target=\"_blank\" rel=\"noreferrer noopener\">starosta@sdhjevicko.cz<\/a>&nbsp;!!!&nbsp;<\/strong><\/p>\n\n\n\n<div data-wp-interactive=\"core\/file\" class=\"wp-block-file\"><object data-wp-bind--hidden=\"!state.hasPdfPreview\" hidden class=\"wp-block-file__embed\" data=\"https:\/\/sdhjevicko.cz\/wp-content\/uploads\/2026\/01\/Pozvanka-na-seminar-prevence-2026.pdf\" type=\"application\/pdf\" style=\"width:100%;height:600px\" aria-label=\"Vlo\u017eit z Pozv\u00e1nka na semin\u00e1\u0159 prevence - 2026.\"><\/object><a id=\"wp-block-file--media-7a913c65-a8e5-4833-8549-d038d57fc941\" href=\"https:\/\/sdhjevicko.cz\/wp-content\/uploads\/2026\/01\/Pozvanka-na-seminar-prevence-2026.pdf\">Pozv\u00e1nka na semin\u00e1\u0159 prevence &#8211; 2026<\/a><a href=\"https:\/\/sdhjevicko.cz\/wp-content\/uploads\/2026\/01\/Pozvanka-na-seminar-prevence-2026.pdf\" class=\"wp-block-file__button wp-element-button\" download aria-describedby=\"wp-block-file--media-7a913c65-a8e5-4833-8549-d038d57fc941\">St\u00e1hnout<\/a><\/div>\n\n\n\n<div data-wp-interactive=\"core\/file\" class=\"wp-block-file\"><object data-wp-bind--hidden=\"!state.hasPdfPreview\" hidden class=\"wp-block-file__embed\" data=\"https:\/\/sdhjevicko.cz\/wp-content\/uploads\/2026\/01\/Prihlaska-2026.pdf\" type=\"application\/pdf\" style=\"width:100%;height:600px\" aria-label=\"Vlo\u017eit z P\u0159ihl\u00e1\u0161ka -2026.\"><\/object><a id=\"wp-block-file--media-42db8d51-c04c-466c-8b9e-cf525d495999\" href=\"https:\/\/sdhjevicko.cz\/wp-content\/uploads\/2026\/01\/Prihlaska-2026.pdf\">P\u0159ihl\u00e1\u0161ka -2026<\/a><a href=\"https:\/\/sdhjevicko.cz\/wp-content\/uploads\/2026\/01\/Prihlaska-2026.pdf\" class=\"wp-block-file__button wp-element-button\" download aria-describedby=\"wp-block-file--media-42db8d51-c04c-466c-8b9e-cf525d495999\">St\u00e1hnout<\/a><\/div>\n","protected":false},"excerpt":{"rendered":"<p>Dobr\u00fd den, zveme \u010dleny SDH Jev\u00ed\u010dko, OSH Svitavy na semin\u00e1\u0159 prevence OSH Svitavy. Kdy: sobota 14. 03. 2026 Kde: U\u010debna SDH Jev\u00ed\u010dko, Svitavsk\u00e1 466, 569 43 Jev\u00ed\u010dko Za\u010d\u00e1tek: 8.00 hodin Program: &#8211;\u00a0\u00a0\u00a0Stavebn\u00ed \u0159\u00edzen\u00ed z\u00a0pohledu SPD \u2013 mjr. Ing. Jan Novotn\u00fd &#8211;\u00a0\u00a0\u00a0Zaj\u00edmav\u00e9 po\u017e\u00e1ry na \u00daO Svitavy \u2013 por. Ing. Lenka Hauk, DiS. &#8211;\u00a0\u00a0\u00a0Po\u017e\u00e1r pr\u016fmyslov\u00e9ho are\u00e1lu Vysok\u00e9 [&hellip;]<\/p>\n","protected":false},"author":3,"featured_media":37620,"comment_status":"open","ping_status":"open","sticky":false,"template":"","format":"standard","meta":{"ngg_post_thumbnail":0,"footnotes":""},"categories":[1],"tags":[],"class_list":["post-37617","post","type-post","status-publish","format-standard","has-post-thumbnail","hentry","category-aktuality"],"_links":{"self":[{"href":"https:\/\/sdhjevicko.cz\/index.php?rest_route=\/wp\/v2\/posts\/37617","targetHints":{"allow":["GET"]}}],"collection":[{"href":"https:\/\/sdhjevicko.cz\/index.php?rest_route=\/wp\/v2\/posts"}],"about":[{"href":"https:\/\/sdhjevicko.cz\/index.php?rest_route=\/wp\/v2\/types\/post"}],"author":[{"embeddable":true,"href":"https:\/\/sdhjevicko.cz\/index.php?rest_route=\/wp\/v2\/users\/3"}],"replies":[{"embeddable":true,"href":"https:\/\/sdhjevicko.cz\/index.php?rest_route=%2Fwp%2Fv2%2Fcomments&post=37617"}],"version-history":[{"count":1,"href":"https:\/\/sdhjevicko.cz\/index.php?rest_route=\/wp\/v2\/posts\/37617\/revisions"}],"predecessor-version":[{"id":37621,"href":"https:\/\/sdhjevicko.cz\/index.php?rest_route=\/wp\/v2\/posts\/37617\/revisions\/37621"}],"wp:featuredmedia":[{"embeddable":true,"href":"https:\/\/sdhjevicko.cz\/index.php?rest_route=\/wp\/v2\/media\/37620"}],"wp:attachment":[{"href":"https:\/\/sdhjevicko.cz\/index.php?rest_route=%2Fwp%2Fv2%2Fmedia&parent=37617"}],"wp:term":[{"taxonomy":"category","embeddable":true,"href":"https:\/\/sdhjevicko.cz\/index.php?rest_route=%2Fwp%2Fv2%2Fcategories&post=37617"},{"taxonomy":"post_tag","embeddable":true,"href":"https:\/\/sdhjevicko.cz\/index.php?rest_route=%2Fwp%2Fv2%2Ftags&post=37617"}],"curies":[{"name":"wp","href":"https:\/\/api.w.org\/{rel}","templated":true}]}}