{"id":44931,"date":"2026-03-16T17:45:09","date_gmt":"2026-03-16T16:45:09","guid":{"rendered":"https:\/\/sdhjevicko.cz\/?p=44931"},"modified":"2026-03-16T17:45:09","modified_gmt":"2026-03-16T16:45:09","slug":"hasicske-vitani-jara-s-palenim-carodejnic","status":"publish","type":"post","link":"https:\/\/sdhjevicko.cz\/?p=44931","title":{"rendered":"Hasi\u010dsk\u00e9 v\u00edt\u00e1n\u00ed jara s p\u00e1len\u00edm \u010darod\u011bjnic"},"content":{"rendered":"\n<p>&#x1f525; Hasi\u010dsk\u00e9 v\u00edt\u00e1n\u00ed jara a p\u00e1len\u00ed \u010darod\u011bjnic v Jev\u00ed\u010dku<br>Sbor dobrovoln\u00fdch hasi\u010d\u016f Jev\u00ed\u010dko ve spolupr\u00e1ci s Komunitn\u00edm centrem Jev\u00ed\u010dko v\u00e1s srde\u010dn\u011b zve na tradi\u010dn\u00ed sousedsk\u00e9 setk\u00e1n\u00ed pln\u00e9 z\u00e1bavy a hasi\u010dsk\u00fdch tradic!<\/p>\n\n\n\n<p><strong>Kdy: Sobota 2. kv\u011btna 2026 od 15:00 hod.<br>Kde: Volno\u010dasov\u00fd are\u00e1l SDH Jev\u00ed\u010dko<\/strong><\/p>\n\n\n\n<p>Na co se m\u016f\u017eete t\u011b\u0161it?<br>Pro d\u011bti je p\u0159ipraven bohat\u00fd program: \u010darod\u011bjnick\u00e1 stanovi\u0161t\u011b s \u00fakoly, kreativn\u00ed tvo\u0159en\u00ed, sk\u00e1kac\u00ed hrad a obl\u00edben\u00e9 malov\u00e1n\u00ed na obli\u010dej. <\/p>\n\n\n\n<p><strong>Mal\u00ed i velc\u00ed n\u00e1v\u0161t\u011bvn\u00edci v kost\u00fdmech \u010darod\u011bjnic a kouzeln\u00edk\u016f jsou v\u00edce ne\u017e v\u00edt\u00e1ni!<\/strong><\/p>\n\n\n\n<p>Program a ob\u010derstven\u00ed:<br>P\u0159i setm\u011bn\u00ed spole\u010dn\u011b zap\u00e1l\u00edme velkou vatru.<br>Pro d\u011bti budou p\u0159ipraveny bu\u0159t\u00edky zdarma na men\u0161\u00edm ohn\u00ed\u010dku.<br>Dosp\u011bl\u00ed si pochutnaj\u00ed na uzen\u00fdch specialit\u00e1ch, grilovan\u00fdch makrel\u00e1ch a to\u010den\u00e9m pivu \u010di limu.<br>Ve\u010der zakon\u010d\u00edme diskot\u00e9kou v\u0161ech \u017e\u00e1nr\u016f, kter\u00e1 potrv\u00e1 do 21:00.<\/p>\n\n\n\n<p>P\u0159ij\u010fte s n\u00e1mi oslavit p\u0159\u00edchod jara v p\u0159\u00e1telsk\u00e9 atmosf\u00e9\u0159e hasi\u010dsk\u00e9ho are\u00e1lu.<\/p>\n\n\n\n<p>T\u011b\u0161\u00edme se na v\u00e1s!<\/p>\n\n\n\n<figure class=\"wp-block-image size-large\"><a href=\"https:\/\/sdhjevicko.cz\/wp-content\/uploads\/2026\/03\/Plakat-Vitani-jara-2026.jpg\"><img fetchpriority=\"high\" decoding=\"async\" width=\"725\" height=\"1024\" src=\"https:\/\/sdhjevicko.cz\/wp-content\/uploads\/2026\/03\/Plakat-Vitani-jara-2026-725x1024.jpg\" alt=\"\" class=\"wp-image-44932\" srcset=\"https:\/\/sdhjevicko.cz\/wp-content\/uploads\/2026\/03\/Plakat-Vitani-jara-2026-725x1024.jpg 725w, https:\/\/sdhjevicko.cz\/wp-content\/uploads\/2026\/03\/Plakat-Vitani-jara-2026-212x300.jpg 212w, https:\/\/sdhjevicko.cz\/wp-content\/uploads\/2026\/03\/Plakat-Vitani-jara-2026-768x1084.jpg 768w, https:\/\/sdhjevicko.cz\/wp-content\/uploads\/2026\/03\/Plakat-Vitani-jara-2026-1088x1536.jpg 1088w, https:\/\/sdhjevicko.cz\/wp-content\/uploads\/2026\/03\/Plakat-Vitani-jara-2026-1450x2048.jpg 1450w, https:\/\/sdhjevicko.cz\/wp-content\/uploads\/2026\/03\/Plakat-Vitani-jara-2026.jpg 1728w\" sizes=\"(max-width: 725px) 100vw, 725px\" \/><\/a><\/figure>\n","protected":false},"excerpt":{"rendered":"<p>&#x1f525; Hasi\u010dsk\u00e9 v\u00edt\u00e1n\u00ed jara a p\u00e1len\u00ed \u010darod\u011bjnic v Jev\u00ed\u010dkuSbor dobrovoln\u00fdch hasi\u010d\u016f Jev\u00ed\u010dko ve spolupr\u00e1ci s Komunitn\u00edm centrem Jev\u00ed\u010dko v\u00e1s srde\u010dn\u011b zve na tradi\u010dn\u00ed sousedsk\u00e9 setk\u00e1n\u00ed pln\u00e9 z\u00e1bavy a hasi\u010dsk\u00fdch tradic! Kdy: Sobota 2. kv\u011btna 2026 od 15:00 hod.Kde: Volno\u010dasov\u00fd are\u00e1l SDH Jev\u00ed\u010dko Na co se m\u016f\u017eete t\u011b\u0161it?Pro d\u011bti je p\u0159ipraven bohat\u00fd program: \u010darod\u011bjnick\u00e1 stanovi\u0161t\u011b s [&hellip;]<\/p>\n","protected":false},"author":3,"featured_media":44932,"comment_status":"open","ping_status":"open","sticky":false,"template":"","format":"standard","meta":{"ngg_post_thumbnail":0,"footnotes":""},"categories":[1],"tags":[],"class_list":["post-44931","post","type-post","status-publish","format-standard","has-post-thumbnail","hentry","category-aktuality"],"_links":{"self":[{"href":"https:\/\/sdhjevicko.cz\/index.php?rest_route=\/wp\/v2\/posts\/44931","targetHints":{"allow":["GET"]}}],"collection":[{"href":"https:\/\/sdhjevicko.cz\/index.php?rest_route=\/wp\/v2\/posts"}],"about":[{"href":"https:\/\/sdhjevicko.cz\/index.php?rest_route=\/wp\/v2\/types\/post"}],"author":[{"embeddable":true,"href":"https:\/\/sdhjevicko.cz\/index.php?rest_route=\/wp\/v2\/users\/3"}],"replies":[{"embeddable":true,"href":"https:\/\/sdhjevicko.cz\/index.php?rest_route=%2Fwp%2Fv2%2Fcomments&post=44931"}],"version-history":[{"count":1,"href":"https:\/\/sdhjevicko.cz\/index.php?rest_route=\/wp\/v2\/posts\/44931\/revisions"}],"predecessor-version":[{"id":44933,"href":"https:\/\/sdhjevicko.cz\/index.php?rest_route=\/wp\/v2\/posts\/44931\/revisions\/44933"}],"wp:featuredmedia":[{"embeddable":true,"href":"https:\/\/sdhjevicko.cz\/index.php?rest_route=\/wp\/v2\/media\/44932"}],"wp:attachment":[{"href":"https:\/\/sdhjevicko.cz\/index.php?rest_route=%2Fwp%2Fv2%2Fmedia&parent=44931"}],"wp:term":[{"taxonomy":"category","embeddable":true,"href":"https:\/\/sdhjevicko.cz\/index.php?rest_route=%2Fwp%2Fv2%2Fcategories&post=44931"},{"taxonomy":"post_tag","embeddable":true,"href":"https:\/\/sdhjevicko.cz\/index.php?rest_route=%2Fwp%2Fv2%2Ftags&post=44931"}],"curies":[{"name":"wp","href":"https:\/\/api.w.org\/{rel}","templated":true}]}}